{"id":242,"date":"2025-01-05T22:12:21","date_gmt":"2025-01-05T22:12:21","guid":{"rendered":"https:\/\/www.migration.lt\/liepos-17-d-pasaulio-lietuviu-vienybes-dienos-minejimas\/"},"modified":"2025-01-05T22:12:30","modified_gmt":"2025-01-05T22:12:30","slug":"liepos-17-d-pasaulio-lietuviu-vienybes-dienos-minejimas","status":"publish","type":"post","link":"https:\/\/www.migration.lt\/lt\/liepos-17-d-pasaulio-lietuviu-vienybes-dienos-minejimas","title":{"rendered":"Liepos 17 d. Pasaulio lietuvi\u0173 vienyb\u0117s dienos min\u0117jimas"},"content":{"rendered":"<div class=\"page_module\">\n<img decoding=\"async\" alt=\"Liepos 17 d. Pasaulio lietuvi\u0173 vienyb\u0117s dienos min\u0117jimas\" class=\"page-img\" src=\"https:\/\/www.migration.lt\/wp-content\/uploads\/2025\/01\/fe7c7bb491dd5657cedfe68f7c4611e2baf03304-1.jpeg\" title=\"\"><\/p>\n<p>Po vis\u0105 pasaul\u012f i\u0161sibarst\u0119 lietuviai \u0161i\u0105 dien\u0105 mini susiburdami \u012f bendruomenes, ta\u010diau jau kelet\u0105 met\u0173 i\u0161 eil\u0117s \u0161i diena minima rengiant \u012fvairius renginius, parodas, koncertus ir Lietuvoje.<\/p>\n<\/div>\n","protected":false},"excerpt":{"rendered":"<p>Po vis\u0105 pasaul\u012f i\u0161sibarst\u0119 lietuviai \u0161i\u0105 dien\u0105 mini susiburdami \u012f bendruomenes, ta\u010diau jau kelet\u0105 met\u0173 i\u0161 eil\u0117s \u0161i diena minima rengiant \u012fvairius renginius, parodas, koncertus ir Lietuvoje.<\/p>\n","protected":false},"author":1,"featured_media":243,"comment_status":"open","ping_status":"open","sticky":false,"template":"","format":"standard","meta":{"_acf_changed":false,"_relevanssi_hide_post":"","_relevanssi_hide_content":"","_relevanssi_pin_for_all":"","_relevanssi_pin_keywords":"","_relevanssi_unpin_keywords":"","_relevanssi_related_keywords":"","_relevanssi_related_include_ids":"","_relevanssi_related_exclude_ids":"","_relevanssi_related_no_append":"","_relevanssi_related_not_related":"","_relevanssi_related_posts":"","_relevanssi_noindex_reason":"","footnotes":""},"categories":[64],"tags":[],"class_list":["post-242","post","type-post","status-publish","format-standard","has-post-thumbnail","hentry","category-renginiai-ir-ivykiai"],"acf":[],"_links":{"self":[{"href":"https:\/\/www.migration.lt\/lt\/wp-json\/wp\/v2\/posts\/242","targetHints":{"allow":["GET"]}}],"collection":[{"href":"https:\/\/www.migration.lt\/lt\/wp-json\/wp\/v2\/posts"}],"about":[{"href":"https:\/\/www.migration.lt\/lt\/wp-json\/wp\/v2\/types\/post"}],"author":[{"embeddable":true,"href":"https:\/\/www.migration.lt\/lt\/wp-json\/wp\/v2\/users\/1"}],"replies":[{"embeddable":true,"href":"https:\/\/www.migration.lt\/lt\/wp-json\/wp\/v2\/comments?post=242"}],"version-history":[{"count":0,"href":"https:\/\/www.migration.lt\/lt\/wp-json\/wp\/v2\/posts\/242\/revisions"}],"wp:featuredmedia":[{"embeddable":true,"href":"https:\/\/www.migration.lt\/lt\/wp-json\/wp\/v2\/media\/243"}],"wp:attachment":[{"href":"https:\/\/www.migration.lt\/lt\/wp-json\/wp\/v2\/media?parent=242"}],"wp:term":[{"taxonomy":"category","embeddable":true,"href":"https:\/\/www.migration.lt\/lt\/wp-json\/wp\/v2\/categories?post=242"},{"taxonomy":"post_tag","embeddable":true,"href":"https:\/\/www.migration.lt\/lt\/wp-json\/wp\/v2\/tags?post=242"}],"curies":[{"name":"wp","href":"https:\/\/api.w.org\/{rel}","templated":true}]}}